{"id":4432,"date":"2024-01-09T09:55:21","date_gmt":"2024-01-09T08:55:21","guid":{"rendered":"https:\/\/znp.uksw.edu.pl\/?p=4432"},"modified":"2024-01-09T10:10:16","modified_gmt":"2024-01-09T09:10:16","slug":"nauka-i-szkolnictwo-wyzsze-po-czarnku","status":"publish","type":"post","link":"https:\/\/znp.uksw.edu.pl\/2024\/01\/09\/nauka-i-szkolnictwo-wyzsze-po-czarnku\/","title":{"rendered":"Nauka i szkolnictwo wy\u017csze po Czarnku"},"content":{"rendered":"\n<p>Dr Karolina Zio\u0142o-Pu\u017cuk, przewodnicz\u0105ca ZNP na naszej uczelni  we\u017amie udzia\u0142 w dyskusji pt. <em>Nauka i szkolnictwo wy\u017csze po Czarnku<\/em> organizowanej przez Rad\u0119 Szkolnictwa Wy\u017cszego i Nauki Zwi\u0105zku Nauczycielstwa Polskiego.<\/p>\n\n\n\n<p>Dyskusj\u0119 otworzy S\u0142awomir Broniarz, prezes ZNP<\/p>\n\n\n\n<p>W debacie udzia\u0142 wezm\u0105:<\/p>\n\n\n\n<p>&#8211; dr Izabela Buchowicz, wiceprezes Rady Zak\u0142adowej ZNP w SGH<br>&#8211; dr hab. Filip Ilkowski, wiceprezes Rady Zak\u0142adowej ZNP w UW<br>&#8211; dr Karolina Zio\u0142o-Pu\u017cuk, prezes Zarz\u0105du Uczelnianego ZNP w UKSW<\/p>\n\n\n\n<p>Prowadzenie:<\/p>\n\n\n\n<p>dr in\u017c. Janusz Szczerba, prezes Rady Szkolnictwa Wy\u017cszego i Nauki ZNP<\/p>\n\n\n\n<p>1 stycznia 2024 roku powsta\u0142o Ministerstwo Nauk i Szkolnictwa Wy\u017cszego, kt\u00f3re od pierwszego dnia mierzy si\u0119 w szeregiem wyzwa\u0144. Polska nauka po rz\u0105dach Zjednoczonej Prawicy znajduje si\u0119 w g\u0142\u0119bokim kryzysie. Potrzeba pilnych podwy\u017cek dla wszystkich pracownik\u00f3w, zmiany w kryteriach ewaluacji, zwi\u0119kszenie nak\u0142ad\u00f3w na badania i rozw\u00f3j oraz krytyczne spojrzenie na system grantowy w Polsce to wy\u0142\u0105cznie par\u0119 kluczowych temat\u00f3w dyskusji organizowanej przed Rad\u0119 Szkolnictwa Wy\u017cszego i Nauki ZNP.<\/p>\n\n\n\n<p><img decoding=\"async\" height=\"16\" width=\"16\" src=\"https:\/\/static.xx.fbcdn.net\/images\/emoji.php\/v9\/t2d\/1\/16\/1f4cd.png\" alt=\"\ud83d\udccd\">\u00a0<strong>Dyskusja odb\u0119dzie w \u015brod\u0119 10 stycznia o godz. 17:00 w korytarzu g\u0142\u00f3wnym (I pi\u0119tro) Zarz\u0105du G\u0142\u00f3wnego ZNP, ul. Juliana Smulikowskiego 6\/8, Warszawa (wej\u015bcie od Wybrze\u017ca<br>Ko\u015bciuszkowskiego)<\/strong><\/p>\n\n\n\n<p>Dyskusja b\u0119dzie transmitowana na Facebooku: <a href=\"https:\/\/www.facebook.com\/events\/765988445360375?ref=newsfeed\">https:\/\/www.facebook.com\/events\/765988445360375?ref=newsfeed<\/a><\/p>\n\n\n\n<p><\/p>\n\n\n\n<p><\/p>\n\n\n\n<p>Zapraszamy!<\/p>\n\n\n\n<p><\/p>\n","protected":false},"excerpt":{"rendered":"<p>Dr Karolina Zio\u0142o-Pu\u017cuk, przewodnicz\u0105ca ZNP na naszej uczelni we\u017amie udzia\u0142 w dyskusji pt. Nauka i szkolnictwo wy\u017csze po Czarnku organizowanej przez Rad\u0119 Szkolnictwa Wy\u017cszego i Nauki Zwi\u0105zku Nauczycielstwa Polskiego. Dyskusj\u0119 otworzy S\u0142awomir Broniarz, prezes ZNP W debacie udzia\u0142 wezm\u0105: &#8211; dr Izabela Buchowicz, wiceprezes Rady Zak\u0142adowej ZNP w SGH&#8211; dr hab. Filip Ilkowski, wiceprezes Rady [&hellip;]<\/p>\n","protected":false},"author":601,"featured_media":4433,"comment_status":"closed","ping_status":"closed","sticky":false,"template":"","format":"standard","meta":{"_acf_changed":false,"inline_featured_image":false,"footnotes":"","_links_to":"","_links_to_target":""},"categories":[1],"tags":[],"class_list":["post-4432","post","type-post","status-publish","format-standard","has-post-thumbnail","hentry","category-aktualnosci"],"acf":[],"_links":{"self":[{"href":"https:\/\/znp.uksw.edu.pl\/pl\/wp-json\/wp\/v2\/posts\/4432","targetHints":{"allow":["GET"]}}],"collection":[{"href":"https:\/\/znp.uksw.edu.pl\/pl\/wp-json\/wp\/v2\/posts"}],"about":[{"href":"https:\/\/znp.uksw.edu.pl\/pl\/wp-json\/wp\/v2\/types\/post"}],"author":[{"embeddable":true,"href":"https:\/\/znp.uksw.edu.pl\/pl\/wp-json\/wp\/v2\/users\/601"}],"replies":[{"embeddable":true,"href":"https:\/\/znp.uksw.edu.pl\/pl\/wp-json\/wp\/v2\/comments?post=4432"}],"version-history":[{"count":4,"href":"https:\/\/znp.uksw.edu.pl\/pl\/wp-json\/wp\/v2\/posts\/4432\/revisions"}],"predecessor-version":[{"id":4438,"href":"https:\/\/znp.uksw.edu.pl\/pl\/wp-json\/wp\/v2\/posts\/4432\/revisions\/4438"}],"wp:featuredmedia":[{"embeddable":true,"href":"https:\/\/znp.uksw.edu.pl\/pl\/wp-json\/wp\/v2\/media\/4433"}],"wp:attachment":[{"href":"https:\/\/znp.uksw.edu.pl\/pl\/wp-json\/wp\/v2\/media?parent=4432"}],"wp:term":[{"taxonomy":"category","embeddable":true,"href":"https:\/\/znp.uksw.edu.pl\/pl\/wp-json\/wp\/v2\/categories?post=4432"},{"taxonomy":"post_tag","embeddable":true,"href":"https:\/\/znp.uksw.edu.pl\/pl\/wp-json\/wp\/v2\/tags?post=4432"}],"curies":[{"name":"wp","href":"https:\/\/api.w.org\/{rel}","templated":true}]}}